{"id":239,"date":"2026-03-31T13:29:37","date_gmt":"2026-03-31T13:29:37","guid":{"rendered":"https:\/\/totaleoffensive-bvb09.de\/wordpress\/?p=239"},"modified":"2026-04-01T09:34:24","modified_gmt":"2026-04-01T09:34:24","slug":"die-helden-von-66-ein-abend-zu-ehren-der-legenden-von-1966","status":"publish","type":"post","link":"https:\/\/totaleoffensive-bvb09.de\/wordpress\/index.php\/2026\/03\/31\/die-helden-von-66-ein-abend-zu-ehren-der-legenden-von-1966\/","title":{"rendered":"Die Helden von 66"},"content":{"rendered":"\n<p class=\"has-text-align-center wp-block-paragraph\">60 Jahre Triumph von Glasgow <\/p>\n\n\n\n<p class=\"has-text-align-center wp-block-paragraph\"> Ein Abend zu Ehren der Legenden von 1966<\/p>\n\n\n\n<p class=\"has-base-color has-text-color has-link-color has-small-font-size wp-elements-1 wp-block-paragraph\">Am 04.05.26, dem Abend vor dem 60. Jahrestag, feiern wir die schwarzgelben Helden von 66 im Stern des Nordens am Borsigplatz, Hirtenstra\u00dfe 2 in Do.<\/p>\n\n\n\n<p class=\"has-base-color has-text-color has-link-color has-small-font-size wp-elements-2 wp-block-paragraph\">Unterst\u00fctzt vom <a href=\"http:\/\/to-bvb.de\" type=\"link\" id=\"to-bvb.de\">Fanclub Totale Offensive<\/a> freut sich <strong><mark style=\"background-color:rgba(0, 0, 0, 0);color:#FFEE58\" class=\"has-inline-color\"><a href=\"https:\/\/de.wikipedia.org\/wiki\/Gregor_Schnittker\">Gregor Schnittker<\/a><\/mark><\/strong> mit Fotos, Videos und G\u00e4nsehaut-G\u00e4sten auf Euch.<\/p>\n\n\n\n<p class=\"has-base-color has-text-color has-link-color has-small-font-size wp-elements-3 wp-block-paragraph\">Die 5 Euro Eintritt gehen an die Nordstadtliga.<br>04.05.2026<br>19:09 Uhr<br>Anmeldung ist erw\u00fcnscht per Mail an: <strong><a href=\"mailto:heldenvon66@gmx.de\"><mark style=\"background-color:rgba(0, 0, 0, 0);color:#FFEE58\" class=\"has-inline-color\">heldenvon66@gmx.de<\/mark><\/a><\/strong><\/p>\n\n\n\n<figure class=\"wp-block-image size-large\"><img loading=\"lazy\" decoding=\"async\" width=\"727\" height=\"1024\" src=\"https:\/\/totaleoffensive-bvb09.de\/wordpress\/wp-content\/uploads\/2026\/03\/Einladung-66-727x1024.png\" alt=\"Einladungsplakat f\u00fcr den 04.05.26 um 19:09 Uhr mit einem Bild vom Empfang der Europapokalhelden des BVB von 1966 mit der \u00dcberschrift &quot;Helden von 66&quot;\" class=\"wp-image-248\" srcset=\"https:\/\/totaleoffensive-bvb09.de\/wordpress\/wp-content\/uploads\/2026\/03\/Einladung-66-727x1024.png 727w, https:\/\/totaleoffensive-bvb09.de\/wordpress\/wp-content\/uploads\/2026\/03\/Einladung-66-213x300.png 213w, https:\/\/totaleoffensive-bvb09.de\/wordpress\/wp-content\/uploads\/2026\/03\/Einladung-66-768x1081.png 768w, https:\/\/totaleoffensive-bvb09.de\/wordpress\/wp-content\/uploads\/2026\/03\/Einladung-66-1091x1536.png 1091w, https:\/\/totaleoffensive-bvb09.de\/wordpress\/wp-content\/uploads\/2026\/03\/Einladung-66.png 1241w\" sizes=\"auto, (max-width: 727px) 100vw, 727px\" \/><\/figure>\n\n\n\n<p class=\"wp-block-paragraph\"><\/p>\n","protected":false},"excerpt":{"rendered":"<p>60 Jahre Triumph von Glasgow<\/p>\n<p> Ein Abend zu Ehren der Legenden von 1966<\/p>\n<p>Am 04.05.26, dem Abend vor dem 60. Jahrestag, feiern wir die schwarzgelben Helden von 66 im Stern des Nordens am Borsigplatz, Hirtenstra\u00dfe 2 in Do.<\/p>\n<p>Unterst\u00fctzt vom Fanclub Totale Offensive freut sich Gregor Schnittker mit Fotos, Videos und G\u00e4nsehaut-G\u00e4sten auf Euch.<\/p>\n","protected":false},"author":1,"featured_media":251,"comment_status":"open","ping_status":"closed","sticky":false,"template":"","format":"standard","meta":{"footnotes":"","jetpack_publicize_message":"","jetpack_publicize_feature_enabled":true,"jetpack_social_post_already_shared":true,"jetpack_social_options":{"image_generator_settings":{"template":"highway","default_image_id":0,"font":"","enabled":false},"version":2}},"categories":[1],"tags":[7,6,8],"class_list":["post-239","post","type-post","status-publish","format-standard","has-post-thumbnail","hentry","category-uncategorized","tag-bvb","tag-helden-von-66","tag-veranstaltung"],"jetpack_publicize_connections":[],"_links":{"self":[{"href":"https:\/\/totaleoffensive-bvb09.de\/wordpress\/index.php\/wp-json\/wp\/v2\/posts\/239","targetHints":{"allow":["GET"]}}],"collection":[{"href":"https:\/\/totaleoffensive-bvb09.de\/wordpress\/index.php\/wp-json\/wp\/v2\/posts"}],"about":[{"href":"https:\/\/totaleoffensive-bvb09.de\/wordpress\/index.php\/wp-json\/wp\/v2\/types\/post"}],"author":[{"embeddable":true,"href":"https:\/\/totaleoffensive-bvb09.de\/wordpress\/index.php\/wp-json\/wp\/v2\/users\/1"}],"replies":[{"embeddable":true,"href":"https:\/\/totaleoffensive-bvb09.de\/wordpress\/index.php\/wp-json\/wp\/v2\/comments?post=239"}],"version-history":[{"count":10,"href":"https:\/\/totaleoffensive-bvb09.de\/wordpress\/index.php\/wp-json\/wp\/v2\/posts\/239\/revisions"}],"predecessor-version":[{"id":263,"href":"https:\/\/totaleoffensive-bvb09.de\/wordpress\/index.php\/wp-json\/wp\/v2\/posts\/239\/revisions\/263"}],"wp:featuredmedia":[{"embeddable":true,"href":"https:\/\/totaleoffensive-bvb09.de\/wordpress\/index.php\/wp-json\/wp\/v2\/media\/251"}],"wp:attachment":[{"href":"https:\/\/totaleoffensive-bvb09.de\/wordpress\/index.php\/wp-json\/wp\/v2\/media?parent=239"}],"wp:term":[{"taxonomy":"category","embeddable":true,"href":"https:\/\/totaleoffensive-bvb09.de\/wordpress\/index.php\/wp-json\/wp\/v2\/categories?post=239"},{"taxonomy":"post_tag","embeddable":true,"href":"https:\/\/totaleoffensive-bvb09.de\/wordpress\/index.php\/wp-json\/wp\/v2\/tags?post=239"}],"curies":[{"name":"wp","href":"https:\/\/api.w.org\/{rel}","templated":true}]}}